{"id":2829,"date":"2022-12-12T12:28:49","date_gmt":"2022-12-12T12:28:49","guid":{"rendered":"https:\/\/filmfrass.ch\/?p=2829"},"modified":"2024-01-11T12:57:15","modified_gmt":"2024-01-11T12:57:15","slug":"winterevent","status":"publish","type":"post","link":"https:\/\/filmfrass.ch\/index.php\/winterevent\/","title":{"rendered":"Winterevent"},"content":{"rendered":"\n<figure class=\"wp-block-image size-large\"><img fetchpriority=\"high\" decoding=\"async\" width=\"1024\" height=\"576\" src=\"https:\/\/filmfrass.ch\/wp-content\/uploads\/2023\/11\/HotelSinestra_Dia-1024x576.png\" alt=\"\" class=\"wp-image-5152\" srcset=\"https:\/\/filmfrass.ch\/wp-content\/uploads\/2023\/11\/HotelSinestra_Dia-1024x576.png 1024w, https:\/\/filmfrass.ch\/wp-content\/uploads\/2023\/11\/HotelSinestra_Dia-300x169.png 300w, https:\/\/filmfrass.ch\/wp-content\/uploads\/2023\/11\/HotelSinestra_Dia-768x432.png 768w, https:\/\/filmfrass.ch\/wp-content\/uploads\/2023\/11\/HotelSinestra_Dia-1536x864.png 1536w, https:\/\/filmfrass.ch\/wp-content\/uploads\/2023\/11\/HotelSinestra_Dia.png 1920w\" sizes=\"(max-width: 1024px) 100vw, 1024px\" \/><\/figure>\n\n\n\n<div style=\"height:46px\" aria-hidden=\"true\" class=\"wp-block-spacer\"><\/div>\n\n\n\n<h3 class=\"wp-block-heading has-text-align-center\"><strong>Wann<\/strong><\/h3>\n\n\n\n<p class=\"has-text-align-center\">Samstag, 09. Dezember 2023<br>Start Film: 17:00 Uhr<\/p>\n\n\n\n<div style=\"height:22px\" aria-hidden=\"true\" class=\"wp-block-spacer\"><\/div>\n\n\n\n<h3 class=\"wp-block-heading has-text-align-center\"><strong>Wo<\/strong><\/h3>\n\n\n\n<p class=\"has-text-align-center\">Kino Krone, Burgdorf<\/p>\n\n\n\n<div style=\"height:22px\" aria-hidden=\"true\" class=\"wp-block-spacer\"><\/div>\n\n\n\n<h3 class=\"wp-block-heading has-text-align-center\"><strong>Film<\/strong><\/h3>\n\n\n\n<p class=\"has-text-align-center\">Hotel Sinestra<br><strong><br><\/strong>Die elfj\u00e4hrige Ava verbringt die Weihnachtstage mit ihren Eltern im Engadin. <br>Weil sie ungezogen war, muss sie w\u00e4hrend dem Fackelumzug im Hotel bleiben. <br>Sie beginnt das Haus zu erkunden und begegnet dabei einem kleinen Jungen, der ihr einen alten Brunnen zeigt und sagt, sie habe einen Wunsch frei. <br>Am n\u00e4chsten Morgen sind s\u00e4mtliche Erwachsenen spurlos verschwunden. <br>Die Kinder feiern die gewonnene Freiheit. Doch als das Essen knapp wird und der Strom ausf\u00e4llt, beginnen sie ihre Eltern zu vermissen.<\/p>\n\n\n\n<p class=\"has-text-align-center\">Mundart<\/p>\n\n\n\n<p class=\"has-text-align-center\">Ab 6 Jahren<\/p>\n\n\n\n<div style=\"height:22px\" aria-hidden=\"true\" class=\"wp-block-spacer\"><\/div>\n\n\n\n<h3 class=\"wp-block-heading has-text-align-center\"><strong>Kulinarisches<\/strong><\/h3>\n\n\n\n<p class=\"has-text-align-center\">Selbstgebackene Filmfrass-G\u00fcetzi, drrr originau Gl\u00fcehwy (mit Alkohol) und Gl\u00fch-Punsch&nbsp;(alkoholfrei)<\/p>\n\n\n\n<div style=\"height:22px\" aria-hidden=\"true\" class=\"wp-block-spacer\"><\/div>\n\n\n\n<h3 class=\"wp-block-heading has-text-align-center\">Preis<\/h3>\n\n\n\n<p class=\"has-text-align-center\">inkl. Film, Gl\u00fchwein \/ Punsch, G\u00fcetzi<\/p>\n\n\n\n<p class=\"has-text-align-center\">Mitglieder \u2013 CHF 19.-<br>Nicht-Mitglieder \u2013 CHF 29.-<\/p>\n\n\n\n<div style=\"height:22px\" aria-hidden=\"true\" class=\"wp-block-spacer\"><\/div>\n\n\n\n<h3 class=\"wp-block-heading has-text-align-center\">Trailer<\/h3>\n\n\n\n<figure class=\"wp-block-embed is-type-video is-provider-youtube wp-block-embed-youtube wp-embed-aspect-16-9 wp-has-aspect-ratio\"><div class=\"wp-block-embed__wrapper\">\n<iframe title=\"HOTEL SINESTRA | TRAILER (CH) | Ab 8. Dezember in den Schweizer Kinos.\" width=\"500\" height=\"281\" src=\"https:\/\/www.youtube.com\/embed\/k7hKLKxTXj8?start=55&#038;feature=oembed\" frameborder=\"0\" allow=\"accelerometer; autoplay; clipboard-write; encrypted-media; gyroscope; picture-in-picture; web-share\" referrerpolicy=\"strict-origin-when-cross-origin\" allowfullscreen><\/iframe>\n<\/div><\/figure>\n\n\n\n<div style=\"height:31px\" aria-hidden=\"true\" class=\"wp-block-spacer\"><\/div>\n\n\n\n<h3 class=\"wp-block-heading has-text-align-center\">Tickets<\/h3>\n\n\n\n<p class=\"has-text-align-center has-small-font-size\">Tickets k\u00f6nnen direkt via Eventfrog bezogen werden<\/p>\n\n\n\n<div style=\"height:40px\" aria-hidden=\"true\" class=\"wp-block-spacer\"><\/div>\n\n\n\n<p class=\"has-text-align-center\"><a href=\"https:\/\/eventfrog.ch\/de\/p\/diverses\/filmfrass-winterevent-hotel-sinestra-7132709760155996630.html#ticket-container\"><mark style=\"background-color:#ffffff\" class=\"has-inline-color has-vivid-cyan-blue-color\"><strong>Tickets gibt es hier<\/strong> (Klick)<\/mark><\/a><\/p>\n\n\n\n<div style=\"height:31px\" aria-hidden=\"true\" class=\"wp-block-spacer\"><\/div>\n","protected":false},"excerpt":{"rendered":"<p>Mit Hotel Sinestra zeigt der Filmfrass einen Schweizer Familienfilm f\u00fcr schaurig-sch\u00f6nen Spass zur Festtagsszeit f\u00fcr Gross und Klein.<\/p>\n","protected":false},"author":1,"featured_media":5152,"comment_status":"open","ping_status":"closed","sticky":false,"template":"","format":"standard","meta":{"_acf_changed":false,"content-type":"","footnotes":""},"categories":[10],"tags":[47],"class_list":["post-2829","post","type-post","status-publish","format-standard","has-post-thumbnail","hentry","category-durchgefuehrt","tag-09-12-2023"],"acf":[],"_links":{"self":[{"href":"https:\/\/filmfrass.ch\/index.php\/wp-json\/wp\/v2\/posts\/2829","targetHints":{"allow":["GET"]}}],"collection":[{"href":"https:\/\/filmfrass.ch\/index.php\/wp-json\/wp\/v2\/posts"}],"about":[{"href":"https:\/\/filmfrass.ch\/index.php\/wp-json\/wp\/v2\/types\/post"}],"author":[{"embeddable":true,"href":"https:\/\/filmfrass.ch\/index.php\/wp-json\/wp\/v2\/users\/1"}],"replies":[{"embeddable":true,"href":"https:\/\/filmfrass.ch\/index.php\/wp-json\/wp\/v2\/comments?post=2829"}],"version-history":[{"count":30,"href":"https:\/\/filmfrass.ch\/index.php\/wp-json\/wp\/v2\/posts\/2829\/revisions"}],"predecessor-version":[{"id":5230,"href":"https:\/\/filmfrass.ch\/index.php\/wp-json\/wp\/v2\/posts\/2829\/revisions\/5230"}],"wp:featuredmedia":[{"embeddable":true,"href":"https:\/\/filmfrass.ch\/index.php\/wp-json\/wp\/v2\/media\/5152"}],"wp:attachment":[{"href":"https:\/\/filmfrass.ch\/index.php\/wp-json\/wp\/v2\/media?parent=2829"}],"wp:term":[{"taxonomy":"category","embeddable":true,"href":"https:\/\/filmfrass.ch\/index.php\/wp-json\/wp\/v2\/categories?post=2829"},{"taxonomy":"post_tag","embeddable":true,"href":"https:\/\/filmfrass.ch\/index.php\/wp-json\/wp\/v2\/tags?post=2829"}],"curies":[{"name":"wp","href":"https:\/\/api.w.org\/{rel}","templated":true}]}}